{"id":175,"date":"2020-08-01T22:48:00","date_gmt":"2020-08-02T05:48:00","guid":{"rendered":"https:\/\/fuerzamigrante.ca\/?p=175"},"modified":"2020-08-06T22:57:56","modified_gmt":"2020-08-07T05:57:56","slug":"de-ultima-hora-fuerza-migrante-sin-razon-de-ser-tras-anuncio-del-gobierno-canadiense-que-resuelve-todos-los-problemas-de-les-trabajadorxs-migrantes","status":"publish","type":"post","link":"https:\/\/fuerzamigrante.ca\/en\/2020\/de-ultima-hora-fuerza-migrante-sin-razon-de-ser-tras-anuncio-del-gobierno-canadiense-que-resuelve-todos-los-problemas-de-les-trabajadorxs-migrantes\/","title":{"rendered":"DE \u00daLTIMA HORA: Fuerza Migrante sin raz\u00f3n de ser tras anuncio del gobierno Canadiense que resuelve todos los problemas de les trabajadorxs migrantes."},"content":{"rendered":"<p>Vancouver, BC \u2013 1 de Agosto de 2020. Para benepl\u00e1cito de todes les migrantes en Canad\u00e1, el Primer Ministro Justin Trudeau hizo hoy un anuncio (<a href=\"https:\/\/www.canada.ca\/en\/employment-social-development\/news\/2020\/07\/government-of-canada-invests-in-measures-to-boost-protections-for-temporary-foreign-workers-and-address-covid-19-outbreaks-on-farms.html\">aqu\u00ed<\/a>) una serie de medidas que resuelven todas sus quejas y preocupaciones, incluyendo financiamiento para que organizaciones hagan promoci\u00f3n comunitaria, cambios al proceso de inspecciones a las granjas, y millones de d\u00f3lares para subsidiar a les empleadorxs en mejorar la vivienda de les migrantes y otros muchos millones para subsidiar el periodo de la cuarentena. La Cruz Roja, tras entrar en acci\u00f3n en Ontario, tambi\u00e9n se lleva un regalote de $100 millones de d\u00f3lares, por ser tan buena onda.<\/p>\n\n\n\n<p>Al leer el anuncio, el equipo de Fuerza Migrante no lo pod\u00eda creer: \u00a1en unos cu\u00e1ntos p\u00e1rrafos han resuelto todos los problemas que puedan tener les migrantes! Inmediatamente la organizaci\u00f3n llam\u00f3 a una reuni\u00f3n de emergencia para discutir seriamente <em>\u201c\u00bfY ahora qu\u00e9 vamos a hacer?\u201d.<\/em><\/p>\n\n\n\n<p><em>\u201cLa verdad, yo planeaba dedicar al menos otros 20 a\u00f1os de mi vida en esto\u201d<\/em>, dijo Alejandro Lazzari, miembro fundador de Fuerza Migrante. <em>\u201cSabiendo que cada temporada atendemos m\u00e1s casos de salud, vivienda, maltrato laboral, en fin, los efectos del racismo estructural del programa, cre\u00eda que esta lucha iba para largo. Pero ahora me puedo olvidar del tema y dedicarme a lo que siempre me apasiono en realidad: \u00a1voy a construir trenecitos el\u00e9ctricos a escala en mi apartamento!\u201d<\/em><\/p>\n\n\n\n<p>El anuncio del gobierno federal se hace tras la explosi\u00f3n de casos de COVID-19 en las granjas (v\u00e9 <a href=\"https:\/\/fuerzamigrante.ca\/en\/2020\/covid-19-info\/\">aqu\u00ed<\/a> nuestros materiales informativos) que han producido la muerte de tres trabajadores y la gran exhibici\u00f3n p\u00fablica que han dado les empleadorxs alrededor de Canad\u00e1, demostrando su completa ineptitud en manejar la pandemia. En respuesta, el gobierno ha reunido a sus mentes m\u00e1s brillantes, quienes han dise\u00f1ado esta estrategia, titulada El Plan Avestruz 2020, que se resume en \u201csi no lo veo, no existe\u201d.<\/p>\n\n\n\n<p><em>\u201cNo tengo palabras. Cuando llam\u00e9 a Service Canada para denunciar <a href=\"https:\/\/www.thestar.com\/vancouver\/2018\/08\/16\/migrant-worker-on-bc-blueberry-farm-claims-he-was-exploited-on-the-job.html\">el abuso que sufr\u00eda en Rai\u2019s Colebrook Farm<\/a> en Surrey, dos agentes llegaron a inspeccionar la granja, y hablaron brevemente conmigo. Despu\u00e9s hablaron con mi empleadora y se fueron. Nunca supe qu\u00e9 pas\u00f3 con la inspecci\u00f3n. !No se imaginan la alegr\u00eda que me da saber que m\u00e1s y m\u00e1s trabajadorxs, ahora en todo Canad\u00e1, podr\u00e1n vivir esta gran experiencia!\u201d<\/em> dijo Noe Barrientos, trabajador agr\u00edcola temporal y miembro de Fuerza Migrante, quien tuvo que huir de su granja para poder reconstruir su vida.<\/p>\n\n\n\n<p>Como contexto a las medidas anunciadas hoy, el gobierno federal ha impulsado un \u201cprograma piloto\u201d en la provincia de la Columbia Brit\u00e1nica, que ha convertido m\u00e1s que colegas, en familia a las asociaciones patronales, organizaciones no-gubernamentales financiadas por el estado para atender a les migrantes, representantes de diferentes agencias federales y provinciales como WorkSafeBC y Service Canada, y uno que otro colado porque \u201ctambi\u00e9n conoce las granjas\u201d. Bajo este proyecto piloto, tan importantes personajes se han tomado un sinf\u00edn de caf\u00e9s y panquecitos, y elaborado complicadas diapositivas de <em>pag\u00fcer poin<\/em> que describen a detalle c\u00f3mo cada una de estas partes explotan, menosprecian o toman ventaja de les trabajadorxs migrantes.<\/p>\n\n\n\n<p><em>\u201cAunque en los diez a\u00f1os que hemos visitado granjas y acompa\u00f1ado a les trabajadorxs agr\u00edcolas migrantes en Canad\u00e1 nunca hemos visto que estas agencias resuelvan las din\u00e1micas de explotaci\u00f3n sistem\u00e1tica del programa, y mucho menos alg\u00fan migrante ha visto a esas personas en las granjas \u2013 excepto claro a representantes del Consulado de M\u00e9xico, que llegan a rega\u00f1arlos y castigarlos \u2013 el anuncio de hoy nos quita un gran peso de encima. !A partir de ahora las granjas ser\u00e1n imagen viviente del para\u00edso, como las ilustraciones en las portadas de las revistas de algunas iglesias!\u201d<\/em>, dijo Alexandra Henao, co-fundadora de Fuerza Migrante, sin poder contener las l\u00e1grimas.<\/p>\n\n\n\n<p><strong>Acerca de Fuerza Migrante:<\/strong><br>\u00c9ramos una organizaci\u00f3n muy dedicada y comprometida a luchar con les trabajadorxs migrantes en Canad\u00e1, y d\u00e1bamos talleres para que les trabajadorxs tuvieran m\u00e1s herramientas para defenderse, obtener justicia y hacer valer su dignidad. Tambi\u00e9n hac\u00edamos muchas otras cosas, pero bueno, ya no importa! ?<\/p>\n\n\n\n<p><strong>Contacto:<\/strong><br -=\"\">\u00bfComo que ya para qu\u00e9, si vamos a dejar de existir en unas horas? Pero si a\u00fan as\u00ed quieres contactarnos, estamos en <a href=\"mailto:organizate@fuerzamigrante.ca\">organizate@fuerzamigrante.ca<\/a>, +1 (604) 445 3603 o +1 (604) 828-8909.<\/p>","protected":false},"excerpt":{"rendered":"<p>Vancouver, BC \u2013 1 de Agosto de 2020. Para benepl\u00e1cito de todes les migrantes en Canad\u00e1, el Primer Ministro Justin Trudeau hizo hoy un anuncio (aqu\u00ed) una serie de medidas que resuelven todas sus quejas y preocupaciones, incluyendo financiamiento para que organizaciones hagan promoci\u00f3n comunitaria, cambios al proceso de inspecciones a las granjas, y millones [&hellip;]<\/p>\n","protected":false},"author":1,"featured_media":176,"comment_status":"closed","ping_status":"open","sticky":false,"template":"","format":"standard","meta":{"footnotes":""},"categories":[13,11,1],"tags":[],"class_list":["post-175","post","type-post","status-publish","format-standard","has-post-thumbnail","hentry","category-broma","category-covid19","category-novedades"],"yoast_head":"<!-- This site is optimized with the Yoast SEO plugin v27.2 - https:\/\/yoast.com\/product\/yoast-seo-wordpress\/ -->\n<title>DE \u00daLTIMA HORA: Fuerza Migrante sin raz\u00f3n de ser tras anuncio del gobierno Canadiense que resuelve todos los problemas de les trabajadorxs migrantes. - Fuerza Migrante<\/title>\n<meta name=\"description\" content=\"Al leer el anuncio, el equipo de Fuerza Migrante llam\u00f3 a una reuni\u00f3n de emergencia para discutir seriamente \u201c\u00bfY ahora qu\u00e9 vamos a hacer?\u201d.\" \/>\n<meta name=\"robots\" content=\"index, follow, max-snippet:-1, max-image-preview:large, max-video-preview:-1\" \/>\n<link rel=\"canonical\" href=\"https:\/\/fuerzamigrante.ca\/en\/2020\/de-ultima-hora-fuerza-migrante-sin-razon-de-ser-tras-anuncio-del-gobierno-canadiense-que-resuelve-todos-los-problemas-de-les-trabajadorxs-migrantes\/\" \/>\n<meta property=\"og:locale\" content=\"en_US\" \/>\n<meta property=\"og:type\" content=\"article\" \/>\n<meta property=\"og:title\" content=\"DE \u00daLTIMA HORA: Fuerza Migrante sin raz\u00f3n de ser tras anuncio del gobierno Canadiense que resuelve todos los problemas de les trabajadorxs migrantes. - Fuerza Migrante\" \/>\n<meta property=\"og:description\" content=\"Al leer el anuncio, el equipo de Fuerza Migrante llam\u00f3 a una reuni\u00f3n de emergencia para discutir seriamente \u201c\u00bfY ahora qu\u00e9 vamos a hacer?\u201d.\" \/>\n<meta property=\"og:url\" content=\"https:\/\/fuerzamigrante.ca\/en\/2020\/de-ultima-hora-fuerza-migrante-sin-razon-de-ser-tras-anuncio-del-gobierno-canadiense-que-resuelve-todos-los-problemas-de-les-trabajadorxs-migrantes\/\" \/>\n<meta property=\"og:site_name\" content=\"Fuerza Migrante\" \/>\n<meta property=\"article:publisher\" content=\"https:\/\/facebook.com\/fuerzamigrantx\" \/>\n<meta property=\"article:published_time\" content=\"2020-08-02T05:48:00+00:00\" \/>\n<meta property=\"article:modified_time\" content=\"2020-08-07T05:57:56+00:00\" \/>\n<meta property=\"og:image\" content=\"https:\/\/fuerzamigrante.ca\/wp-content\/uploads\/2020\/08\/2020-07_fed-govt-announcement-response_ES.jpg\" \/>\n\t<meta property=\"og:image:width\" content=\"1920\" \/>\n\t<meta property=\"og:image:height\" content=\"1080\" \/>\n\t<meta property=\"og:image:type\" content=\"image\/jpeg\" \/>\n<meta name=\"author\" content=\"Fuerza Migrante\" \/>\n<meta name=\"twitter:card\" content=\"summary_large_image\" \/>\n<meta name=\"twitter:creator\" content=\"@fuerzamigrantx\" \/>\n<meta name=\"twitter:site\" content=\"@fuerzamigrantx\" \/>\n<meta name=\"twitter:label1\" content=\"Written by\" \/>\n\t<meta name=\"twitter:data1\" content=\"Fuerza Migrante\" \/>\n\t<meta name=\"twitter:label2\" content=\"Est. reading time\" \/>\n\t<meta name=\"twitter:data2\" content=\"4 minutes\" \/>\n<script type=\"application\/ld+json\" class=\"yoast-schema-graph\">{\"@context\":\"https:\/\/schema.org\",\"@graph\":[{\"@type\":\"Article\",\"@id\":\"https:\/\/fuerzamigrante.ca\/en\/2020\/de-ultima-hora-fuerza-migrante-sin-razon-de-ser-tras-anuncio-del-gobierno-canadiense-que-resuelve-todos-los-problemas-de-les-trabajadorxs-migrantes\/#article\",\"isPartOf\":{\"@id\":\"https:\/\/fuerzamigrante.ca\/en\/2020\/de-ultima-hora-fuerza-migrante-sin-razon-de-ser-tras-anuncio-del-gobierno-canadiense-que-resuelve-todos-los-problemas-de-les-trabajadorxs-migrantes\/\"},\"author\":{\"name\":\"Fuerza Migrante\",\"@id\":\"https:\/\/fuerzamigrante.ca\/#\/schema\/person\/2057803b966f2ba8b31e1ea0c3176a02\"},\"headline\":\"DE \u00daLTIMA HORA: Fuerza Migrante sin raz\u00f3n de ser tras anuncio del gobierno Canadiense que resuelve todos los problemas de les trabajadorxs migrantes.\",\"datePublished\":\"2020-08-02T05:48:00+00:00\",\"dateModified\":\"2020-08-07T05:57:56+00:00\",\"mainEntityOfPage\":{\"@id\":\"https:\/\/fuerzamigrante.ca\/en\/2020\/de-ultima-hora-fuerza-migrante-sin-razon-de-ser-tras-anuncio-del-gobierno-canadiense-que-resuelve-todos-los-problemas-de-les-trabajadorxs-migrantes\/\"},\"wordCount\":763,\"publisher\":{\"@id\":\"https:\/\/fuerzamigrante.ca\/#organization\"},\"image\":{\"@id\":\"https:\/\/fuerzamigrante.ca\/en\/2020\/de-ultima-hora-fuerza-migrante-sin-razon-de-ser-tras-anuncio-del-gobierno-canadiense-que-resuelve-todos-los-problemas-de-les-trabajadorxs-migrantes\/#primaryimage\"},\"thumbnailUrl\":\"https:\/\/fuerzamigrante.ca\/wp-content\/uploads\/2020\/08\/2020-07_fed-govt-announcement-response_ES.jpg\",\"articleSection\":[\"Broma\",\"COVID19\",\"Novedades\"],\"inLanguage\":\"en-CA\"},{\"@type\":\"WebPage\",\"@id\":\"https:\/\/fuerzamigrante.ca\/en\/2020\/de-ultima-hora-fuerza-migrante-sin-razon-de-ser-tras-anuncio-del-gobierno-canadiense-que-resuelve-todos-los-problemas-de-les-trabajadorxs-migrantes\/\",\"url\":\"https:\/\/fuerzamigrante.ca\/en\/2020\/de-ultima-hora-fuerza-migrante-sin-razon-de-ser-tras-anuncio-del-gobierno-canadiense-que-resuelve-todos-los-problemas-de-les-trabajadorxs-migrantes\/\",\"name\":\"DE \u00daLTIMA HORA: Fuerza Migrante sin raz\u00f3n de ser tras anuncio del gobierno Canadiense que resuelve todos los problemas de les trabajadorxs migrantes. - Fuerza Migrante\",\"isPartOf\":{\"@id\":\"https:\/\/fuerzamigrante.ca\/#website\"},\"primaryImageOfPage\":{\"@id\":\"https:\/\/fuerzamigrante.ca\/en\/2020\/de-ultima-hora-fuerza-migrante-sin-razon-de-ser-tras-anuncio-del-gobierno-canadiense-que-resuelve-todos-los-problemas-de-les-trabajadorxs-migrantes\/#primaryimage\"},\"image\":{\"@id\":\"https:\/\/fuerzamigrante.ca\/en\/2020\/de-ultima-hora-fuerza-migrante-sin-razon-de-ser-tras-anuncio-del-gobierno-canadiense-que-resuelve-todos-los-problemas-de-les-trabajadorxs-migrantes\/#primaryimage\"},\"thumbnailUrl\":\"https:\/\/fuerzamigrante.ca\/wp-content\/uploads\/2020\/08\/2020-07_fed-govt-announcement-response_ES.jpg\",\"datePublished\":\"2020-08-02T05:48:00+00:00\",\"dateModified\":\"2020-08-07T05:57:56+00:00\",\"description\":\"Al leer el anuncio, el equipo de Fuerza Migrante llam\u00f3 a una reuni\u00f3n de emergencia para discutir seriamente \u201c\u00bfY ahora qu\u00e9 vamos a hacer?\u201d.\",\"breadcrumb\":{\"@id\":\"https:\/\/fuerzamigrante.ca\/en\/2020\/de-ultima-hora-fuerza-migrante-sin-razon-de-ser-tras-anuncio-del-gobierno-canadiense-que-resuelve-todos-los-problemas-de-les-trabajadorxs-migrantes\/#breadcrumb\"},\"inLanguage\":\"en-CA\",\"potentialAction\":[{\"@type\":\"ReadAction\",\"target\":[\"https:\/\/fuerzamigrante.ca\/en\/2020\/de-ultima-hora-fuerza-migrante-sin-razon-de-ser-tras-anuncio-del-gobierno-canadiense-que-resuelve-todos-los-problemas-de-les-trabajadorxs-migrantes\/\"]}]},{\"@type\":\"ImageObject\",\"inLanguage\":\"en-CA\",\"@id\":\"https:\/\/fuerzamigrante.ca\/en\/2020\/de-ultima-hora-fuerza-migrante-sin-razon-de-ser-tras-anuncio-del-gobierno-canadiense-que-resuelve-todos-los-problemas-de-les-trabajadorxs-migrantes\/#primaryimage\",\"url\":\"https:\/\/fuerzamigrante.ca\/wp-content\/uploads\/2020\/08\/2020-07_fed-govt-announcement-response_ES.jpg\",\"contentUrl\":\"https:\/\/fuerzamigrante.ca\/wp-content\/uploads\/2020\/08\/2020-07_fed-govt-announcement-response_ES.jpg\",\"width\":1920,\"height\":1080,\"caption\":\"Gr\u00e1fica para anunciar, en broma, el cierre de Fuerza Migrante tras un anuncio del gobierno Canadiense, que no resuelve la explotaci\u00f3n a la que son sometides miles de trabjadorxs migrantes.\"},{\"@type\":\"BreadcrumbList\",\"@id\":\"https:\/\/fuerzamigrante.ca\/en\/2020\/de-ultima-hora-fuerza-migrante-sin-razon-de-ser-tras-anuncio-del-gobierno-canadiense-que-resuelve-todos-los-problemas-de-les-trabajadorxs-migrantes\/#breadcrumb\",\"itemListElement\":[{\"@type\":\"ListItem\",\"position\":1,\"name\":\"Home\",\"item\":\"https:\/\/fuerzamigrante.ca\/\"},{\"@type\":\"ListItem\",\"position\":2,\"name\":\"DE \u00daLTIMA HORA: Fuerza Migrante sin raz\u00f3n de ser tras anuncio del gobierno Canadiense que resuelve todos los problemas de les trabajadorxs migrantes.\"}]},{\"@type\":\"WebSite\",\"@id\":\"https:\/\/fuerzamigrante.ca\/#website\",\"url\":\"https:\/\/fuerzamigrante.ca\/\",\"name\":\"Fuerza Migrante\",\"description\":\"Por la libertad y autonom\u00eda de les migrantes!\",\"publisher\":{\"@id\":\"https:\/\/fuerzamigrante.ca\/#organization\"},\"potentialAction\":[{\"@type\":\"SearchAction\",\"target\":{\"@type\":\"EntryPoint\",\"urlTemplate\":\"https:\/\/fuerzamigrante.ca\/?s={search_term_string}\"},\"query-input\":{\"@type\":\"PropertyValueSpecification\",\"valueRequired\":true,\"valueName\":\"search_term_string\"}}],\"inLanguage\":\"en-CA\"},{\"@type\":\"Organization\",\"@id\":\"https:\/\/fuerzamigrante.ca\/#organization\",\"name\":\"Fuerza Migrante\",\"url\":\"https:\/\/fuerzamigrante.ca\/\",\"logo\":{\"@type\":\"ImageObject\",\"inLanguage\":\"en-CA\",\"@id\":\"https:\/\/fuerzamigrante.ca\/#\/schema\/logo\/image\/\",\"url\":\"https:\/\/fuerzamigrante.ca\/wp-content\/uploads\/2020\/08\/fm-logo-main.png\",\"contentUrl\":\"https:\/\/fuerzamigrante.ca\/wp-content\/uploads\/2020\/08\/fm-logo-main.png\",\"width\":547,\"height\":594,\"caption\":\"Fuerza Migrante\"},\"image\":{\"@id\":\"https:\/\/fuerzamigrante.ca\/#\/schema\/logo\/image\/\"},\"sameAs\":[\"https:\/\/facebook.com\/fuerzamigrantx\",\"https:\/\/x.com\/fuerzamigrantx\"]},{\"@type\":\"Person\",\"@id\":\"https:\/\/fuerzamigrante.ca\/#\/schema\/person\/2057803b966f2ba8b31e1ea0c3176a02\",\"name\":\"Fuerza Migrante\",\"image\":{\"@type\":\"ImageObject\",\"inLanguage\":\"en-CA\",\"@id\":\"https:\/\/secure.gravatar.com\/avatar\/f91b1c871b43de98fd6aafe6a28ac0df3f52e9f935e056d8e162553a8731cd1c?s=96&d=mm&r=g\",\"url\":\"https:\/\/secure.gravatar.com\/avatar\/f91b1c871b43de98fd6aafe6a28ac0df3f52e9f935e056d8e162553a8731cd1c?s=96&d=mm&r=g\",\"contentUrl\":\"https:\/\/secure.gravatar.com\/avatar\/f91b1c871b43de98fd6aafe6a28ac0df3f52e9f935e056d8e162553a8731cd1c?s=96&d=mm&r=g\",\"caption\":\"Fuerza Migrante\"},\"sameAs\":[\"http:\/\/fuerzamigrante.ca\"],\"url\":\"https:\/\/fuerzamigrante.ca\/en\/author\/fuerzamigrante_7gq352\/\"}]}<\/script>\n<!-- \/ Yoast SEO plugin. -->","yoast_head_json":{"title":"DE \u00daLTIMA HORA: Fuerza Migrante sin raz\u00f3n de ser tras anuncio del gobierno Canadiense que resuelve todos los problemas de les trabajadorxs migrantes. - Fuerza Migrante","description":"Al leer el anuncio, el equipo de Fuerza Migrante llam\u00f3 a una reuni\u00f3n de emergencia para discutir seriamente \u201c\u00bfY ahora qu\u00e9 vamos a hacer?\u201d.","robots":{"index":"index","follow":"follow","max-snippet":"max-snippet:-1","max-image-preview":"max-image-preview:large","max-video-preview":"max-video-preview:-1"},"canonical":"https:\/\/fuerzamigrante.ca\/en\/2020\/de-ultima-hora-fuerza-migrante-sin-razon-de-ser-tras-anuncio-del-gobierno-canadiense-que-resuelve-todos-los-problemas-de-les-trabajadorxs-migrantes\/","og_locale":"en_US","og_type":"article","og_title":"DE \u00daLTIMA HORA: Fuerza Migrante sin raz\u00f3n de ser tras anuncio del gobierno Canadiense que resuelve todos los problemas de les trabajadorxs migrantes. - Fuerza Migrante","og_description":"Al leer el anuncio, el equipo de Fuerza Migrante llam\u00f3 a una reuni\u00f3n de emergencia para discutir seriamente \u201c\u00bfY ahora qu\u00e9 vamos a hacer?\u201d.","og_url":"https:\/\/fuerzamigrante.ca\/en\/2020\/de-ultima-hora-fuerza-migrante-sin-razon-de-ser-tras-anuncio-del-gobierno-canadiense-que-resuelve-todos-los-problemas-de-les-trabajadorxs-migrantes\/","og_site_name":"Fuerza Migrante","article_publisher":"https:\/\/facebook.com\/fuerzamigrantx","article_published_time":"2020-08-02T05:48:00+00:00","article_modified_time":"2020-08-07T05:57:56+00:00","og_image":[{"width":1920,"height":1080,"url":"https:\/\/fuerzamigrante.ca\/wp-content\/uploads\/2020\/08\/2020-07_fed-govt-announcement-response_ES.jpg","type":"image\/jpeg"}],"author":"Fuerza Migrante","twitter_card":"summary_large_image","twitter_creator":"@fuerzamigrantx","twitter_site":"@fuerzamigrantx","twitter_misc":{"Written by":"Fuerza Migrante","Est. reading time":"4 minutes"},"schema":{"@context":"https:\/\/schema.org","@graph":[{"@type":"Article","@id":"https:\/\/fuerzamigrante.ca\/en\/2020\/de-ultima-hora-fuerza-migrante-sin-razon-de-ser-tras-anuncio-del-gobierno-canadiense-que-resuelve-todos-los-problemas-de-les-trabajadorxs-migrantes\/#article","isPartOf":{"@id":"https:\/\/fuerzamigrante.ca\/en\/2020\/de-ultima-hora-fuerza-migrante-sin-razon-de-ser-tras-anuncio-del-gobierno-canadiense-que-resuelve-todos-los-problemas-de-les-trabajadorxs-migrantes\/"},"author":{"name":"Fuerza Migrante","@id":"https:\/\/fuerzamigrante.ca\/#\/schema\/person\/2057803b966f2ba8b31e1ea0c3176a02"},"headline":"DE \u00daLTIMA HORA: Fuerza Migrante sin raz\u00f3n de ser tras anuncio del gobierno Canadiense que resuelve todos los problemas de les trabajadorxs migrantes.","datePublished":"2020-08-02T05:48:00+00:00","dateModified":"2020-08-07T05:57:56+00:00","mainEntityOfPage":{"@id":"https:\/\/fuerzamigrante.ca\/en\/2020\/de-ultima-hora-fuerza-migrante-sin-razon-de-ser-tras-anuncio-del-gobierno-canadiense-que-resuelve-todos-los-problemas-de-les-trabajadorxs-migrantes\/"},"wordCount":763,"publisher":{"@id":"https:\/\/fuerzamigrante.ca\/#organization"},"image":{"@id":"https:\/\/fuerzamigrante.ca\/en\/2020\/de-ultima-hora-fuerza-migrante-sin-razon-de-ser-tras-anuncio-del-gobierno-canadiense-que-resuelve-todos-los-problemas-de-les-trabajadorxs-migrantes\/#primaryimage"},"thumbnailUrl":"https:\/\/fuerzamigrante.ca\/wp-content\/uploads\/2020\/08\/2020-07_fed-govt-announcement-response_ES.jpg","articleSection":["Broma","COVID19","Novedades"],"inLanguage":"en-CA"},{"@type":"WebPage","@id":"https:\/\/fuerzamigrante.ca\/en\/2020\/de-ultima-hora-fuerza-migrante-sin-razon-de-ser-tras-anuncio-del-gobierno-canadiense-que-resuelve-todos-los-problemas-de-les-trabajadorxs-migrantes\/","url":"https:\/\/fuerzamigrante.ca\/en\/2020\/de-ultima-hora-fuerza-migrante-sin-razon-de-ser-tras-anuncio-del-gobierno-canadiense-que-resuelve-todos-los-problemas-de-les-trabajadorxs-migrantes\/","name":"DE \u00daLTIMA HORA: Fuerza Migrante sin raz\u00f3n de ser tras anuncio del gobierno Canadiense que resuelve todos los problemas de les trabajadorxs migrantes. - Fuerza Migrante","isPartOf":{"@id":"https:\/\/fuerzamigrante.ca\/#website"},"primaryImageOfPage":{"@id":"https:\/\/fuerzamigrante.ca\/en\/2020\/de-ultima-hora-fuerza-migrante-sin-razon-de-ser-tras-anuncio-del-gobierno-canadiense-que-resuelve-todos-los-problemas-de-les-trabajadorxs-migrantes\/#primaryimage"},"image":{"@id":"https:\/\/fuerzamigrante.ca\/en\/2020\/de-ultima-hora-fuerza-migrante-sin-razon-de-ser-tras-anuncio-del-gobierno-canadiense-que-resuelve-todos-los-problemas-de-les-trabajadorxs-migrantes\/#primaryimage"},"thumbnailUrl":"https:\/\/fuerzamigrante.ca\/wp-content\/uploads\/2020\/08\/2020-07_fed-govt-announcement-response_ES.jpg","datePublished":"2020-08-02T05:48:00+00:00","dateModified":"2020-08-07T05:57:56+00:00","description":"Al leer el anuncio, el equipo de Fuerza Migrante llam\u00f3 a una reuni\u00f3n de emergencia para discutir seriamente \u201c\u00bfY ahora qu\u00e9 vamos a hacer?\u201d.","breadcrumb":{"@id":"https:\/\/fuerzamigrante.ca\/en\/2020\/de-ultima-hora-fuerza-migrante-sin-razon-de-ser-tras-anuncio-del-gobierno-canadiense-que-resuelve-todos-los-problemas-de-les-trabajadorxs-migrantes\/#breadcrumb"},"inLanguage":"en-CA","potentialAction":[{"@type":"ReadAction","target":["https:\/\/fuerzamigrante.ca\/en\/2020\/de-ultima-hora-fuerza-migrante-sin-razon-de-ser-tras-anuncio-del-gobierno-canadiense-que-resuelve-todos-los-problemas-de-les-trabajadorxs-migrantes\/"]}]},{"@type":"ImageObject","inLanguage":"en-CA","@id":"https:\/\/fuerzamigrante.ca\/en\/2020\/de-ultima-hora-fuerza-migrante-sin-razon-de-ser-tras-anuncio-del-gobierno-canadiense-que-resuelve-todos-los-problemas-de-les-trabajadorxs-migrantes\/#primaryimage","url":"https:\/\/fuerzamigrante.ca\/wp-content\/uploads\/2020\/08\/2020-07_fed-govt-announcement-response_ES.jpg","contentUrl":"https:\/\/fuerzamigrante.ca\/wp-content\/uploads\/2020\/08\/2020-07_fed-govt-announcement-response_ES.jpg","width":1920,"height":1080,"caption":"Gr\u00e1fica para anunciar, en broma, el cierre de Fuerza Migrante tras un anuncio del gobierno Canadiense, que no resuelve la explotaci\u00f3n a la que son sometides miles de trabjadorxs migrantes."},{"@type":"BreadcrumbList","@id":"https:\/\/fuerzamigrante.ca\/en\/2020\/de-ultima-hora-fuerza-migrante-sin-razon-de-ser-tras-anuncio-del-gobierno-canadiense-que-resuelve-todos-los-problemas-de-les-trabajadorxs-migrantes\/#breadcrumb","itemListElement":[{"@type":"ListItem","position":1,"name":"Home","item":"https:\/\/fuerzamigrante.ca\/"},{"@type":"ListItem","position":2,"name":"DE \u00daLTIMA HORA: Fuerza Migrante sin raz\u00f3n de ser tras anuncio del gobierno Canadiense que resuelve todos los problemas de les trabajadorxs migrantes."}]},{"@type":"WebSite","@id":"https:\/\/fuerzamigrante.ca\/#website","url":"https:\/\/fuerzamigrante.ca\/","name":"Fuerza Migrante","description":"For the autonomy and freedom of all migrants!","publisher":{"@id":"https:\/\/fuerzamigrante.ca\/#organization"},"potentialAction":[{"@type":"SearchAction","target":{"@type":"EntryPoint","urlTemplate":"https:\/\/fuerzamigrante.ca\/?s={search_term_string}"},"query-input":{"@type":"PropertyValueSpecification","valueRequired":true,"valueName":"search_term_string"}}],"inLanguage":"en-CA"},{"@type":"Organization","@id":"https:\/\/fuerzamigrante.ca\/#organization","name":"Fuerza Migrante","url":"https:\/\/fuerzamigrante.ca\/","logo":{"@type":"ImageObject","inLanguage":"en-CA","@id":"https:\/\/fuerzamigrante.ca\/#\/schema\/logo\/image\/","url":"https:\/\/fuerzamigrante.ca\/wp-content\/uploads\/2020\/08\/fm-logo-main.png","contentUrl":"https:\/\/fuerzamigrante.ca\/wp-content\/uploads\/2020\/08\/fm-logo-main.png","width":547,"height":594,"caption":"Fuerza Migrante"},"image":{"@id":"https:\/\/fuerzamigrante.ca\/#\/schema\/logo\/image\/"},"sameAs":["https:\/\/facebook.com\/fuerzamigrantx","https:\/\/x.com\/fuerzamigrantx"]},{"@type":"Person","@id":"https:\/\/fuerzamigrante.ca\/#\/schema\/person\/2057803b966f2ba8b31e1ea0c3176a02","name":"Fuerza Migrante","image":{"@type":"ImageObject","inLanguage":"en-CA","@id":"https:\/\/secure.gravatar.com\/avatar\/f91b1c871b43de98fd6aafe6a28ac0df3f52e9f935e056d8e162553a8731cd1c?s=96&d=mm&r=g","url":"https:\/\/secure.gravatar.com\/avatar\/f91b1c871b43de98fd6aafe6a28ac0df3f52e9f935e056d8e162553a8731cd1c?s=96&d=mm&r=g","contentUrl":"https:\/\/secure.gravatar.com\/avatar\/f91b1c871b43de98fd6aafe6a28ac0df3f52e9f935e056d8e162553a8731cd1c?s=96&d=mm&r=g","caption":"Fuerza Migrante"},"sameAs":["http:\/\/fuerzamigrante.ca"],"url":"https:\/\/fuerzamigrante.ca\/en\/author\/fuerzamigrante_7gq352\/"}]}},"_links":{"self":[{"href":"https:\/\/fuerzamigrante.ca\/en\/wp-json\/wp\/v2\/posts\/175","targetHints":{"allow":["GET"]}}],"collection":[{"href":"https:\/\/fuerzamigrante.ca\/en\/wp-json\/wp\/v2\/posts"}],"about":[{"href":"https:\/\/fuerzamigrante.ca\/en\/wp-json\/wp\/v2\/types\/post"}],"author":[{"embeddable":true,"href":"https:\/\/fuerzamigrante.ca\/en\/wp-json\/wp\/v2\/users\/1"}],"replies":[{"embeddable":true,"href":"https:\/\/fuerzamigrante.ca\/en\/wp-json\/wp\/v2\/comments?post=175"}],"version-history":[{"count":2,"href":"https:\/\/fuerzamigrante.ca\/en\/wp-json\/wp\/v2\/posts\/175\/revisions"}],"predecessor-version":[{"id":178,"href":"https:\/\/fuerzamigrante.ca\/en\/wp-json\/wp\/v2\/posts\/175\/revisions\/178"}],"wp:featuredmedia":[{"embeddable":true,"href":"https:\/\/fuerzamigrante.ca\/en\/wp-json\/wp\/v2\/media\/176"}],"wp:attachment":[{"href":"https:\/\/fuerzamigrante.ca\/en\/wp-json\/wp\/v2\/media?parent=175"}],"wp:term":[{"taxonomy":"category","embeddable":true,"href":"https:\/\/fuerzamigrante.ca\/en\/wp-json\/wp\/v2\/categories?post=175"},{"taxonomy":"post_tag","embeddable":true,"href":"https:\/\/fuerzamigrante.ca\/en\/wp-json\/wp\/v2\/tags?post=175"}],"curies":[{"name":"wp","href":"https:\/\/api.w.org\/{rel}","templated":true}]}}